{"id":934,"date":"2020-01-14T12:00:00","date_gmt":"2020-01-14T11:00:00","guid":{"rendered":"https:\/\/www.bischoff-textil.com\/gold-fuer-blau-weiss"},"modified":"2021-09-15T13:03:33","modified_gmt":"2021-09-15T11:03:33","slug":"gold-for-blue-white","status":"publish","type":"post","link":"https:\/\/www.bischoff-textil.com\/en\/gold-for-blue-white","title":{"rendered":"GOLD FOR BLUE-WHITE"},"content":{"rendered":"\n<p>The Heritage Society honours Bischoff Textil for its management of industrial architectural culture. The Heritage Society of the cantons of St. Gallen and Appenzell Innerrhoden awarded Bischoff Textil AG the &#8220;Golder Schemel&#8221; for its management of industrial architectural culture.<\/p>\n\n\n\n<!--more-->\n\n\n\n<p>Kriterien f\u00fcr die Verleihung waren einerseits die Qualit\u00e4t von Industrieanlagen aus der Zeit 1945-1975, andererseits die betriebliche Weiterf\u00fchrung von Arbeits- und Industrieprozessen oder wie am Beispiel der Bischoff Textil AG in St. Gallen: die Umnutzung der Geb\u00e4ude. Die siebenk\u00f6pfige Jury \u00abGoldener Schemel\u00bb unter dem Pr\u00e4sidium von Kathrin Hilber hat sich f\u00fcr eine Auszeichnung der Anlagen der Bischoff Textil AG \u00f6stlich der Kreuzbleiche entschieden. Die Industrienationen erfuhren in der Nachkriegszeit einen neuen Aufschwung, der sich auch in der Ostschweiz mit herausragender Industriearchitektur erkennen l\u00e4sst, so beispielsweise im Rheintal (Beldona in Widnau), im F\u00fcrstenland (Goldzack in Gossau) oder im Linthgebiet (Weidmann AG in Rapperswil-Jona). Seit 2010 aber hat der Verlust an Arbeitspl\u00e4tzen durch Auslagerung in ferne Kontinente stark zugenommen. Gesellschaftskulturell und sozialpolitisch sind dies die Schattenseiten globaler Tendenzen .Auf der anderen Seite gilt es, architektonisch wie arbeitskulturell herausragende Geb\u00e4ude zu pflegen und durch neue qualitative Belebung und Weiterentwicklung f\u00fcr die Zukunft klug zu sichern<br>und dadurch auch Kulturgeschichte weiter zu f\u00fchren. <\/p>\n\n\n\n<p><strong>Zwei Hallen f\u00fcr 20 Stickmaschinen <\/strong><\/p>\n\n\n\n<p>Gegr\u00fcndet wurde die Firma Bischoff-Hungerb\u00fchler &amp; Cie. w\u00e4hrend der gr\u00f6ssten Absatzkrise der Stickereiindustrie Ende der 1920er-Jahre durch Otto Bischoff. W\u00e4hrend der Kriegszeit erweiterte das in St. Gallen, Degersheim und Diepoldsau t\u00e4tige Unternehmen mit rund 500 Werkt\u00e4tigen die Produktion auch auf Damen-Regenm\u00e4ntel und Sch\u00fcrzen (Matador) sowie Taschent\u00fccher und Vorh\u00e4nge. Mit dem Kriegsende 1945 setzte eine st\u00fcrmische Neuentwicklung ein. Filialen von Bischoff Textil entstanden in New York, England und S\u00fcdafrika. Um B\u00fcros und Fabrikationsbetriebe zu konzentrieren, erwarb die Firma Bischoff Textil AG 1953 das zentrumsnahe Grundst\u00fcck an der Bogenstrasse in St. Gallen. Entwerfer der \u00dcberbauung waren Architekt Albert Bayer SIA und Scheitlin, Hotz &amp; Z\u00e4hner, Ingenieur, St. Gallen .In einer  ersten Bauetappe entstanden die Produktionshallen f\u00fcr die Maschinenstickerei. Zwei in Eisenbeton ausgef\u00fchrte Hallenbauten mit Shedd\u00e4chern f\u00fcr die 20 rund 13 Meter langen Stickmaschinen erstrecken sich in Richtung Burgstrasse. Der Bau des in den originalen Blau-Weiss-Farben erhaltenen \u00abHochhauses\u00bb wurde 1957 vollendet, als zweiter Hochhausbau in der Stadt nach dem Wohnhochhaus von Danzeisen &amp; Voser 1951 an der Z\u00fcrcherstrasse. Eine Eisenbeton Skelett-Konstruktion und vorgespannter Beton erm\u00f6glichten offene Raumdispositionen mit durchgehenden Fensterfl\u00e4chen. <\/p>\n\n\n\n<p><strong>Gel\u00e4nder im Treppenhaus kann geheizt werden <\/strong><\/p>\n\n\n\n<p>Glasbausteinw\u00e4nde und auch Terrazzano-Treppenl\u00e4ufe mit beheizbarem Treppengel\u00e4nder stehen f\u00fcr hohe Qualit\u00e4t dieser Nachkriegsarchitektur. Das festliche und lichte Sitzungszimmer im obersten Geschoss \u00fcberrascht mit einer hausbreiten Wandmalerei \u00abKinderfest\u00bb des in St. Gallen bekannten Kunstmalers Willy Koch. Zudem beherbergt der Komplexnoch heute die aussergew\u00f6hnliche Stickereisammlung und -bibliothek, deren Grundstock der Textilfabrikant Arnold Hufenus (1853\u2013 1931) gelegt hatte. Die Auszeichnung \u00abGoldener Schemel\u00bb w\u00fcrdigt zwar Baukultur, gilt aber Personen, die bewusst an solcher Baukultur festhalten und es verstehen, sie nachhaltig auch mit Neunutzungen zu bewirtschaften. So wurde die von Katalin De\u00e9r geschaffene Auszeichnung den Personen der Gesch\u00e4ftsleitung der Bischoff Textil AG, Gwen Aubry und Wolfgang Keller, Verwaltungsratspr\u00e4sident Reto Spaar sowie Ehrenpr\u00e4sident Max R. Hungerb\u00fchler gemeinsam \u00fcbergeben.<\/p>\n\n\n\n<div style=\"height:59px\" aria-hidden=\"true\" class=\"wp-block-spacer\"><\/div>\n\n\n\n<p><a href=\"https:\/\/www.bischoff-textil.com\/wp-content\/uploads\/2021\/06\/goldener-schemel_stgaller-tagblatt-20200114.pdf\" target=\"_blank\" rel=\"noreferrer noopener\">Zum Zeitungsartikel<\/a><\/p>\n","protected":false},"excerpt":{"rendered":"<p>The Heritage Society honours Bischoff Textil for its management of industrial architectural culture. The Heritage Society of the cantons of St. Gallen and Appenzell Innerrhoden awarded Bischoff Textil AG the &#8220;Golder Schemel&#8221; for its management of industrial architectural culture.<\/p>\n","protected":false},"author":1,"featured_media":712,"comment_status":"open","ping_status":"open","sticky":false,"template":"","format":"standard","meta":{"_acf_changed":false,"footnotes":""},"categories":[23],"tags":[],"class_list":["post-934","post","type-post","status-publish","format-standard","has-post-thumbnail","hentry","category-uncategorized"],"acf":[],"yoast_head":"<!-- This site is optimized with the Yoast SEO plugin v27.5 - https:\/\/yoast.com\/product\/yoast-seo-wordpress\/ -->\n<title>GOLD FOR BLUE-WHITE - Bischoff Textil AG<\/title>\n<meta name=\"description\" content=\"GOLD FOR BLUE-WHITE - Unser Fokus sind Auftragsstickereien, technische Textilien und Spezialit\u00e4ten. Wir entwickeln sie auf Kundenwunsch \u2013 mit viel Fingerspitzengef\u00fchl, Flexibilit\u00e4t und dem h\u00f6chsten Anspruch an Qualit\u00e4t. Dabei setzen wir auf \u00fcber 90 Jahre Erfahrung im Stickereibereich und den Produktionsstandort Schweiz.\" \/>\n<meta name=\"robots\" content=\"index, follow, max-snippet:-1, max-image-preview:large, max-video-preview:-1\" \/>\n<link rel=\"canonical\" href=\"https:\/\/www.bischoff-textil.com\/en\/gold-for-blue-white\" \/>\n<meta property=\"og:locale\" content=\"en_GB\" \/>\n<meta property=\"og:type\" content=\"article\" \/>\n<meta property=\"og:title\" content=\"GOLD FOR BLUE-WHITE - Bischoff Textil AG\" \/>\n<meta property=\"og:description\" content=\"GOLD FOR BLUE-WHITE - Unser Fokus sind Auftragsstickereien, technische Textilien und Spezialit\u00e4ten. Wir entwickeln sie auf Kundenwunsch \u2013 mit viel Fingerspitzengef\u00fchl, Flexibilit\u00e4t und dem h\u00f6chsten Anspruch an Qualit\u00e4t. Dabei setzen wir auf \u00fcber 90 Jahre Erfahrung im Stickereibereich und den Produktionsstandort Schweiz.\" \/>\n<meta property=\"og:url\" content=\"https:\/\/www.bischoff-textil.com\/en\/gold-for-blue-white\" \/>\n<meta property=\"og:site_name\" content=\"Bischoff Textil AG\" \/>\n<meta property=\"article:published_time\" content=\"2020-01-14T11:00:00+00:00\" \/>\n<meta property=\"article:modified_time\" content=\"2021-09-15T11:03:33+00:00\" \/>\n<meta property=\"og:image\" content=\"https:\/\/www.bischoff-textil.com\/wp-content\/uploads\/2021\/07\/bischoff-textil-in-der-presse-01.jpg\" \/>\n\t<meta property=\"og:image:width\" content=\"1180\" \/>\n\t<meta property=\"og:image:height\" content=\"582\" \/>\n\t<meta property=\"og:image:type\" content=\"image\/jpeg\" \/>\n<meta name=\"author\" content=\"nextag\" \/>\n<meta name=\"twitter:card\" content=\"summary_large_image\" \/>\n<meta name=\"twitter:label1\" content=\"Written by\" \/>\n\t<meta name=\"twitter:data1\" content=\"nextag\" \/>\n\t<meta name=\"twitter:label2\" content=\"Est. reading time\" \/>\n\t<meta name=\"twitter:data2\" content=\"3 minutes\" \/>\n<script type=\"application\/ld+json\" class=\"yoast-schema-graph\">{\"@context\":\"https:\\\/\\\/schema.org\",\"@graph\":[{\"@type\":\"Article\",\"@id\":\"https:\\\/\\\/www.bischoff-textil.com\\\/en\\\/gold-for-blue-white#article\",\"isPartOf\":{\"@id\":\"https:\\\/\\\/www.bischoff-textil.com\\\/en\\\/gold-for-blue-white\"},\"author\":{\"name\":\"nextag\",\"@id\":\"https:\\\/\\\/www.bischoff-textil.com\\\/en#\\\/schema\\\/person\\\/43389bf7b6cdef71a451fbdb0b11780d\"},\"headline\":\"GOLD FOR BLUE-WHITE\",\"datePublished\":\"2020-01-14T11:00:00+00:00\",\"dateModified\":\"2021-09-15T11:03:33+00:00\",\"mainEntityOfPage\":{\"@id\":\"https:\\\/\\\/www.bischoff-textil.com\\\/en\\\/gold-for-blue-white\"},\"wordCount\":541,\"commentCount\":0,\"image\":{\"@id\":\"https:\\\/\\\/www.bischoff-textil.com\\\/en\\\/gold-for-blue-white#primaryimage\"},\"thumbnailUrl\":\"https:\\\/\\\/www.bischoff-textil.com\\\/wp-content\\\/uploads\\\/2021\\\/07\\\/bischoff-textil-in-der-presse-01.jpg\",\"inLanguage\":\"en-GB\"},{\"@type\":\"WebPage\",\"@id\":\"https:\\\/\\\/www.bischoff-textil.com\\\/en\\\/gold-for-blue-white\",\"url\":\"https:\\\/\\\/www.bischoff-textil.com\\\/en\\\/gold-for-blue-white\",\"name\":\"GOLD FOR BLUE-WHITE - Bischoff Textil AG\",\"isPartOf\":{\"@id\":\"https:\\\/\\\/www.bischoff-textil.com\\\/en#website\"},\"primaryImageOfPage\":{\"@id\":\"https:\\\/\\\/www.bischoff-textil.com\\\/en\\\/gold-for-blue-white#primaryimage\"},\"image\":{\"@id\":\"https:\\\/\\\/www.bischoff-textil.com\\\/en\\\/gold-for-blue-white#primaryimage\"},\"thumbnailUrl\":\"https:\\\/\\\/www.bischoff-textil.com\\\/wp-content\\\/uploads\\\/2021\\\/07\\\/bischoff-textil-in-der-presse-01.jpg\",\"datePublished\":\"2020-01-14T11:00:00+00:00\",\"dateModified\":\"2021-09-15T11:03:33+00:00\",\"author\":{\"@id\":\"https:\\\/\\\/www.bischoff-textil.com\\\/en#\\\/schema\\\/person\\\/43389bf7b6cdef71a451fbdb0b11780d\"},\"description\":\"GOLD FOR BLUE-WHITE - Unser Fokus sind Auftragsstickereien, technische Textilien und Spezialit\u00e4ten. Wir entwickeln sie auf Kundenwunsch \u2013 mit viel Fingerspitzengef\u00fchl, Flexibilit\u00e4t und dem h\u00f6chsten Anspruch an Qualit\u00e4t. Dabei setzen wir auf \u00fcber 90 Jahre Erfahrung im Stickereibereich und den Produktionsstandort Schweiz.\",\"breadcrumb\":{\"@id\":\"https:\\\/\\\/www.bischoff-textil.com\\\/en\\\/gold-for-blue-white#breadcrumb\"},\"inLanguage\":\"en-GB\",\"potentialAction\":[{\"@type\":\"ReadAction\",\"target\":[\"https:\\\/\\\/www.bischoff-textil.com\\\/en\\\/gold-for-blue-white\"]}]},{\"@type\":\"ImageObject\",\"inLanguage\":\"en-GB\",\"@id\":\"https:\\\/\\\/www.bischoff-textil.com\\\/en\\\/gold-for-blue-white#primaryimage\",\"url\":\"https:\\\/\\\/www.bischoff-textil.com\\\/wp-content\\\/uploads\\\/2021\\\/07\\\/bischoff-textil-in-der-presse-01.jpg\",\"contentUrl\":\"https:\\\/\\\/www.bischoff-textil.com\\\/wp-content\\\/uploads\\\/2021\\\/07\\\/bischoff-textil-in-der-presse-01.jpg\",\"width\":1180,\"height\":582,\"caption\":\"Bischoff Textil AG - In der Presse\"},{\"@type\":\"BreadcrumbList\",\"@id\":\"https:\\\/\\\/www.bischoff-textil.com\\\/en\\\/gold-for-blue-white#breadcrumb\",\"itemListElement\":[{\"@type\":\"ListItem\",\"position\":1,\"name\":\"Home\",\"item\":\"https:\\\/\\\/www.bischoff-textil.com\\\/en\"},{\"@type\":\"ListItem\",\"position\":2,\"name\":\"GOLD FOR BLUE-WHITE\"}]},{\"@type\":\"WebSite\",\"@id\":\"https:\\\/\\\/www.bischoff-textil.com\\\/en#website\",\"url\":\"https:\\\/\\\/www.bischoff-textil.com\\\/en\",\"name\":\"Bischoff Textil AG\",\"description\":\"\",\"potentialAction\":[{\"@type\":\"SearchAction\",\"target\":{\"@type\":\"EntryPoint\",\"urlTemplate\":\"https:\\\/\\\/www.bischoff-textil.com\\\/en?s={search_term_string}\"},\"query-input\":{\"@type\":\"PropertyValueSpecification\",\"valueRequired\":true,\"valueName\":\"search_term_string\"}}],\"inLanguage\":\"en-GB\"},{\"@type\":\"Person\",\"@id\":\"https:\\\/\\\/www.bischoff-textil.com\\\/en#\\\/schema\\\/person\\\/43389bf7b6cdef71a451fbdb0b11780d\",\"name\":\"nextag\",\"image\":{\"@type\":\"ImageObject\",\"inLanguage\":\"en-GB\",\"@id\":\"https:\\\/\\\/secure.gravatar.com\\\/avatar\\\/d4a9fd36c084aa889640366d4e86b034cb77a8120c9c51143b911a452b4bdf7f?s=96&d=mm&r=g\",\"url\":\"https:\\\/\\\/secure.gravatar.com\\\/avatar\\\/d4a9fd36c084aa889640366d4e86b034cb77a8120c9c51143b911a452b4bdf7f?s=96&d=mm&r=g\",\"contentUrl\":\"https:\\\/\\\/secure.gravatar.com\\\/avatar\\\/d4a9fd36c084aa889640366d4e86b034cb77a8120c9c51143b911a452b4bdf7f?s=96&d=mm&r=g\",\"caption\":\"nextag\"}}]}<\/script>\n<!-- \/ Yoast SEO plugin. -->","yoast_head_json":{"title":"GOLD FOR BLUE-WHITE - Bischoff Textil AG","description":"GOLD FOR BLUE-WHITE - Unser Fokus sind Auftragsstickereien, technische Textilien und Spezialit\u00e4ten. Wir entwickeln sie auf Kundenwunsch \u2013 mit viel Fingerspitzengef\u00fchl, Flexibilit\u00e4t und dem h\u00f6chsten Anspruch an Qualit\u00e4t. Dabei setzen wir auf \u00fcber 90 Jahre Erfahrung im Stickereibereich und den Produktionsstandort Schweiz.","robots":{"index":"index","follow":"follow","max-snippet":"max-snippet:-1","max-image-preview":"max-image-preview:large","max-video-preview":"max-video-preview:-1"},"canonical":"https:\/\/www.bischoff-textil.com\/en\/gold-for-blue-white","og_locale":"en_GB","og_type":"article","og_title":"GOLD FOR BLUE-WHITE - Bischoff Textil AG","og_description":"GOLD FOR BLUE-WHITE - Unser Fokus sind Auftragsstickereien, technische Textilien und Spezialit\u00e4ten. Wir entwickeln sie auf Kundenwunsch \u2013 mit viel Fingerspitzengef\u00fchl, Flexibilit\u00e4t und dem h\u00f6chsten Anspruch an Qualit\u00e4t. Dabei setzen wir auf \u00fcber 90 Jahre Erfahrung im Stickereibereich und den Produktionsstandort Schweiz.","og_url":"https:\/\/www.bischoff-textil.com\/en\/gold-for-blue-white","og_site_name":"Bischoff Textil AG","article_published_time":"2020-01-14T11:00:00+00:00","article_modified_time":"2021-09-15T11:03:33+00:00","og_image":[{"width":1180,"height":582,"url":"https:\/\/www.bischoff-textil.com\/wp-content\/uploads\/2021\/07\/bischoff-textil-in-der-presse-01.jpg","type":"image\/jpeg"}],"author":"nextag","twitter_card":"summary_large_image","twitter_misc":{"Written by":"nextag","Est. reading time":"3 minutes"},"schema":{"@context":"https:\/\/schema.org","@graph":[{"@type":"Article","@id":"https:\/\/www.bischoff-textil.com\/en\/gold-for-blue-white#article","isPartOf":{"@id":"https:\/\/www.bischoff-textil.com\/en\/gold-for-blue-white"},"author":{"name":"nextag","@id":"https:\/\/www.bischoff-textil.com\/en#\/schema\/person\/43389bf7b6cdef71a451fbdb0b11780d"},"headline":"GOLD FOR BLUE-WHITE","datePublished":"2020-01-14T11:00:00+00:00","dateModified":"2021-09-15T11:03:33+00:00","mainEntityOfPage":{"@id":"https:\/\/www.bischoff-textil.com\/en\/gold-for-blue-white"},"wordCount":541,"commentCount":0,"image":{"@id":"https:\/\/www.bischoff-textil.com\/en\/gold-for-blue-white#primaryimage"},"thumbnailUrl":"https:\/\/www.bischoff-textil.com\/wp-content\/uploads\/2021\/07\/bischoff-textil-in-der-presse-01.jpg","inLanguage":"en-GB"},{"@type":"WebPage","@id":"https:\/\/www.bischoff-textil.com\/en\/gold-for-blue-white","url":"https:\/\/www.bischoff-textil.com\/en\/gold-for-blue-white","name":"GOLD FOR BLUE-WHITE - Bischoff Textil AG","isPartOf":{"@id":"https:\/\/www.bischoff-textil.com\/en#website"},"primaryImageOfPage":{"@id":"https:\/\/www.bischoff-textil.com\/en\/gold-for-blue-white#primaryimage"},"image":{"@id":"https:\/\/www.bischoff-textil.com\/en\/gold-for-blue-white#primaryimage"},"thumbnailUrl":"https:\/\/www.bischoff-textil.com\/wp-content\/uploads\/2021\/07\/bischoff-textil-in-der-presse-01.jpg","datePublished":"2020-01-14T11:00:00+00:00","dateModified":"2021-09-15T11:03:33+00:00","author":{"@id":"https:\/\/www.bischoff-textil.com\/en#\/schema\/person\/43389bf7b6cdef71a451fbdb0b11780d"},"description":"GOLD FOR BLUE-WHITE - Unser Fokus sind Auftragsstickereien, technische Textilien und Spezialit\u00e4ten. Wir entwickeln sie auf Kundenwunsch \u2013 mit viel Fingerspitzengef\u00fchl, Flexibilit\u00e4t und dem h\u00f6chsten Anspruch an Qualit\u00e4t. Dabei setzen wir auf \u00fcber 90 Jahre Erfahrung im Stickereibereich und den Produktionsstandort Schweiz.","breadcrumb":{"@id":"https:\/\/www.bischoff-textil.com\/en\/gold-for-blue-white#breadcrumb"},"inLanguage":"en-GB","potentialAction":[{"@type":"ReadAction","target":["https:\/\/www.bischoff-textil.com\/en\/gold-for-blue-white"]}]},{"@type":"ImageObject","inLanguage":"en-GB","@id":"https:\/\/www.bischoff-textil.com\/en\/gold-for-blue-white#primaryimage","url":"https:\/\/www.bischoff-textil.com\/wp-content\/uploads\/2021\/07\/bischoff-textil-in-der-presse-01.jpg","contentUrl":"https:\/\/www.bischoff-textil.com\/wp-content\/uploads\/2021\/07\/bischoff-textil-in-der-presse-01.jpg","width":1180,"height":582,"caption":"Bischoff Textil AG - In der Presse"},{"@type":"BreadcrumbList","@id":"https:\/\/www.bischoff-textil.com\/en\/gold-for-blue-white#breadcrumb","itemListElement":[{"@type":"ListItem","position":1,"name":"Home","item":"https:\/\/www.bischoff-textil.com\/en"},{"@type":"ListItem","position":2,"name":"GOLD FOR BLUE-WHITE"}]},{"@type":"WebSite","@id":"https:\/\/www.bischoff-textil.com\/en#website","url":"https:\/\/www.bischoff-textil.com\/en","name":"Bischoff Textil AG","description":"","potentialAction":[{"@type":"SearchAction","target":{"@type":"EntryPoint","urlTemplate":"https:\/\/www.bischoff-textil.com\/en?s={search_term_string}"},"query-input":{"@type":"PropertyValueSpecification","valueRequired":true,"valueName":"search_term_string"}}],"inLanguage":"en-GB"},{"@type":"Person","@id":"https:\/\/www.bischoff-textil.com\/en#\/schema\/person\/43389bf7b6cdef71a451fbdb0b11780d","name":"nextag","image":{"@type":"ImageObject","inLanguage":"en-GB","@id":"https:\/\/secure.gravatar.com\/avatar\/d4a9fd36c084aa889640366d4e86b034cb77a8120c9c51143b911a452b4bdf7f?s=96&d=mm&r=g","url":"https:\/\/secure.gravatar.com\/avatar\/d4a9fd36c084aa889640366d4e86b034cb77a8120c9c51143b911a452b4bdf7f?s=96&d=mm&r=g","contentUrl":"https:\/\/secure.gravatar.com\/avatar\/d4a9fd36c084aa889640366d4e86b034cb77a8120c9c51143b911a452b4bdf7f?s=96&d=mm&r=g","caption":"nextag"}}]}},"_links":{"self":[{"href":"https:\/\/www.bischoff-textil.com\/en\/wp-json\/wp\/v2\/posts\/934","targetHints":{"allow":["GET"]}}],"collection":[{"href":"https:\/\/www.bischoff-textil.com\/en\/wp-json\/wp\/v2\/posts"}],"about":[{"href":"https:\/\/www.bischoff-textil.com\/en\/wp-json\/wp\/v2\/types\/post"}],"author":[{"embeddable":true,"href":"https:\/\/www.bischoff-textil.com\/en\/wp-json\/wp\/v2\/users\/1"}],"replies":[{"embeddable":true,"href":"https:\/\/www.bischoff-textil.com\/en\/wp-json\/wp\/v2\/comments?post=934"}],"version-history":[{"count":0,"href":"https:\/\/www.bischoff-textil.com\/en\/wp-json\/wp\/v2\/posts\/934\/revisions"}],"wp:featuredmedia":[{"embeddable":true,"href":"https:\/\/www.bischoff-textil.com\/en\/wp-json\/wp\/v2\/media\/712"}],"wp:attachment":[{"href":"https:\/\/www.bischoff-textil.com\/en\/wp-json\/wp\/v2\/media?parent=934"}],"wp:term":[{"taxonomy":"category","embeddable":true,"href":"https:\/\/www.bischoff-textil.com\/en\/wp-json\/wp\/v2\/categories?post=934"},{"taxonomy":"post_tag","embeddable":true,"href":"https:\/\/www.bischoff-textil.com\/en\/wp-json\/wp\/v2\/tags?post=934"}],"curies":[{"name":"wp","href":"https:\/\/api.w.org\/{rel}","templated":true}]}}