{"id":931,"date":"2020-01-14T15:00:00","date_gmt":"2020-01-14T14:00:00","guid":{"rendered":"https:\/\/www.bischoff-textil.com\/goldener-schemel-2019-an-die-bischoff-textil-ag"},"modified":"2021-09-15T13:00:38","modified_gmt":"2021-09-15T11:00:38","slug":"goldener-schemel-2019-for-bischoff-textil-ag","status":"publish","type":"post","link":"https:\/\/www.bischoff-textil.com\/en\/goldener-schemel-2019-for-bischoff-textil-ag","title":{"rendered":"\u201cGOLDENER SCHEMEL 2019\u201d FOR BISCHOFF TEXTIL AG"},"content":{"rendered":"\n<p>Werterhaltung Hochhaus BogenstrMaintaining the value of the Bogenstrasse multi-storey building: Heritage Society SG \/ AI honours handling of industrial architectural culture.<\/p>\n\n\n\n<p>In the post-war period the industrial nations experienced a new boom which can also be recognised in eastern Switzerland by its outstanding industrial architecture, for example in the Rhine Valley (Beldona in Widnau), in F\u00fcrstenland (Goldzack in Gossau) as well as in the Linth region (Weidmann AG in Rapperswil-Jona). Since 2010, however, job losses resulting from outsourcing to other continents have increased sharply. In socio-cultural and socio-political terms, these are the downsides of global trends. On the other hand, it is important to maintain buildings that are significant in terms of architecture and working culture and to safeguard them for the future by ensuring their revival and further development to a high standard, thereby also continuing their cultural history.<\/p>\n\n\n\n<!--more-->\n\n\n\n<p>Kriterien der aktuellen Verleihung \u201eGoldener Schemel\u201c waren einerseits die Qualit\u00e4t von Industrieanlagen aus der Zeit 1945-1975, andererseits die betriebliche Weiterf\u00fchrung von Arbeits- und Industrieprozessen oder wie am Beispiel der Bischoff Textil AG in St. Gallen Umnutzungen der Geb\u00e4ude. Die siebenk\u00f6pfige Jury \u00abGoldener Schemel\u00bb unter dem Pr\u00e4sidium von Kathrin Hilber hat sich f\u00fcr eine Auszeichnung der Anlagen der Bischoff Textil AG \u00f6stlich der Kreuzbleiche in St. Gallen entschieden. Gegr\u00fcndet wurde die Firma Bischoff-Hungerb\u00fchler &amp; Cie. w\u00e4hrend der gr\u00f6ssten Absatzkrise der Stickereiindustrie Ende der 1920er-Jahre durch Otto Bischoff. W\u00e4hrend der Kriegszeit erweiterte das in St. Gallen, Degersheim und Diepoldsau t\u00e4tige Unternehmen mit rund 500 Werkt\u00e4tigen die Produktion auch auf Damen-Regenm\u00e4ntel und Sch\u00fcrzen (Matador) sowie Taschent\u00fccher und Vorh\u00e4nge. Mit dem Kriegsende 1945 setzte eine st\u00fcrmische Neuentwicklung ein. Bischoff Textil-Filialen entstanden in New York, England und S\u00fcdafrika. <\/p>\n\n\n\n<p>Um B\u00fcros und Fabrikationsbetriebe zu konzentrieren, erwarb die Firma Bischoff Textil AG 1953 das zentrumsnahe Grundst\u00fcck an der Bogenstrasse in St. Gallen. Entwerfer der \u00dcberbauung waren Architekt Albert Bayer SIA und Scheitlin, Hotz &amp; Z\u00e4hner, Ingenieur, St. Gallen. In einer ersten Bauetappe entstanden die Produktionshallen f\u00fcr die Maschinenstickerei. Zwei in Eisenbeton ausgef\u00fchrte Hallenbauten mit Shedd\u00e4chern f\u00fcr die f\u00fcr zwanzig rund 13 Meter langen Stickmaschinen erstrecken sich in Richtung  Burgstrasse. Der Bau des in den originalen Blau-Weiss-Farben erhaltenen \u201eHochhauses\u201c wurde 1957 vollendet, als zweiter Hochhausbau in der Stadt nach dem Wohnhochhaus von Danzeisen &amp; Voser 1951 an der Z\u00fcrcherstrasse. Eine Eisenbeton-Skelett-Konstruktion und vorgespannter Beton erm\u00f6glichten offene Raumdispositionen mit durchgehenden Fensterfl\u00e4chen. Glasbausteinw\u00e4nde und auch Terrazzano-Treppenl\u00e4ufe mit beheizbarem Treppengel\u00e4nder stehen f\u00fcr hohe Qualit\u00e4t dieser Nachkriegsarchitektur.<\/p>\n\n\n\n<p>Das festliche und lichte Sitzungszimmer im obersten Geschoss \u00fcberrascht mit einer hausbreiten Wandmalerei \u00abKinderfest\u00bb des in St. Gallen bekannten Kunstmalers Willy Koch. Zudem beherbergt der Komplex noch heute die aussergew\u00f6hnliche Stickerei-Sammlung und -Bibliothek, deren Grundstock der Textilfabrikant Arnold Hufenus (1853-1931) gelegt hatte. <\/p>\n\n\n\n<p>Die Auszeichnung \u00abGoldener Schemel\u00bb w\u00fcrdigt zwar Baukultur, gilt aber Personen, die bewusst an solcher Baukultur festhalten und es verstehen, sie nachhaltig auch mit Neunutzungen zu bewirtschaften. So wurde der von Katalin De\u00e9r geschaffene Goldene Schemel den Personen der Gesch\u00e4ftsleitung der Bischoff Textil AG, Gwen Aubry und Wolgang Keller, Verwaltungsratspr\u00e4sident Reto Spaar sowie Ehrenpr\u00e4sident Max R. Hungerb\u00fchler gemeinsam \u00fcbergeben.<br>(zvg. \/ Peter R\u00f6llin)<\/p>\n\n\n\n<p><\/p>\n\n\n\n<p><strong>Die Jury Goldener Schemel 2019<\/strong><br>Kathrin Hilber, Pra\u0308sidentin Heimatschutz SG\/AI<br>Werner Binotto, Architekt BSA HBK SIA, Kantonsbaumeister (bis 2019)<br>Daniel Cavelti, Architekt ETH SIA, Pra\u0308sident SIA St. Gallen I Appenzell<br>Christa Ko\u0308ppel, Gemeindepra\u0308sidentin Widnau SG und Historikerin<br>Carlos Martinez, Carlos Martinez Architekten AG, Berneck<br>Agatha Nisple, Kulturvermittlerin, Appenzell<br>Peter Ro\u0308llin, Kultur- und Kunstwissenschaftler, Rapperswil, assoziiert BSA, SWB<\/p>\n\n\n\n<p><br><strong>Adresse \/ Kontakt<\/strong><br>Heimatschutz SG\/AI, Davidstr. 40, 9000 St. Gallen &#8211; Tel. 071 222 07 20 &#8211; info@heimatschutz-sgai.ch<br>Natalia Bezzola: natalia.bezzola@heimatschutz-sgai.ch (Aktuarin Goldener Schemel) Tel. 079 703 76 93<\/p>\n\n\n\n<p><br><strong>Goldener Schemel \u2013 Glamour fu\u0308r die Baukultur<\/strong><br>Intention: Die Sektion St. Gallen und Appenzell Innerrhoden des Schweizer Heimatschutzes will Baukultur sowie<br>den Umgang mit Landschaft- und Siedlungsra\u0308umen lokal und regional sta\u0308rken. Ziel ist es, dem Heimatsschutz in<br>der O\u0308ffentlichkeit das erneuerte Profil des verla\u0308sslichen, kompetenten Partners in Fragen von Baukultur,<br>Gestaltung und Siedlungspolitik zu verhelfen. Der Award \u201eGoldener Schemel\u201c markiert dank eines privaten<br>Sponsors eine schon in diesem Jahr zu vergebende Auszeichnung. <\/p>\n\n\n\n<p><br><strong>Bisherige Auszeichnungen:<\/strong><br>2015 Denise und Rony Kolb-Ziegler f\u00fcr Umbau und Renovation ihres Wohnhauses Husen 7 in Berneck SG<br>2016 Stadtplanungsamt St. Gallen. Planungsprozess Bahnhof Nord.<br>2017 Bruno Bossart und Paul Knill, Archtekten BSA, f\u00fcr langj\u00e4hriges Engagement Vermittlung Baukultur<\/p>\n\n\n\n<div style=\"height:68px\" aria-hidden=\"true\" class=\"wp-block-spacer\"><\/div>\n\n\n\n<p><a href=\"\/wp-content\/uploads\/2021\/06\/goldener-schemel-pressetext-heimatschutz.pdf\" target=\"_blank\" rel=\"noreferrer noopener\">Zum PDF<\/a><\/p>\n","protected":false},"excerpt":{"rendered":"<p>Werterhaltung Hochhaus BogenstrMaintaining the value of the Bogenstrasse multi-storey building: Heritage Society SG \/ AI honours handling of industrial architectural culture. In the post-war period the industrial nations experienced a new boom which can also be recognised in eastern Switzerland by its outstanding industrial architecture, for example in the Rhine Valley (Beldona in Widnau), in [&hellip;]<\/p>\n","protected":false},"author":1,"featured_media":716,"comment_status":"open","ping_status":"open","sticky":false,"template":"","format":"standard","meta":{"_acf_changed":false,"footnotes":""},"categories":[23],"tags":[],"class_list":["post-931","post","type-post","status-publish","format-standard","has-post-thumbnail","hentry","category-uncategorized"],"acf":[],"yoast_head":"<!-- This site is optimized with the Yoast SEO plugin v27.5 - https:\/\/yoast.com\/product\/yoast-seo-wordpress\/ -->\n<title>\u201cGOLDENER SCHEMEL 2019\u201d FOR BISCHOFF TEXTIL AG - Bischoff Textil AG<\/title>\n<meta name=\"description\" content=\"\u201cGOLDENER SCHEMEL 2019\u201d FOR BISCHOFF TEXTIL AG - Unser Fokus sind Auftragsstickereien, technische Textilien und Spezialit\u00e4ten. Wir entwickeln sie auf Kundenwunsch \u2013 mit viel Fingerspitzengef\u00fchl, Flexibilit\u00e4t und dem h\u00f6chsten Anspruch an Qualit\u00e4t. Dabei setzen wir auf \u00fcber 90 Jahre Erfahrung im Stickereibereich und den Produktionsstandort Schweiz.\" \/>\n<meta name=\"robots\" content=\"index, follow, max-snippet:-1, max-image-preview:large, max-video-preview:-1\" \/>\n<link rel=\"canonical\" href=\"https:\/\/www.bischoff-textil.com\/en\/goldener-schemel-2019-for-bischoff-textil-ag\" \/>\n<meta property=\"og:locale\" content=\"en_GB\" \/>\n<meta property=\"og:type\" content=\"article\" \/>\n<meta property=\"og:title\" content=\"\u201cGOLDENER SCHEMEL 2019\u201d FOR BISCHOFF TEXTIL AG - Bischoff Textil AG\" \/>\n<meta property=\"og:description\" content=\"\u201cGOLDENER SCHEMEL 2019\u201d FOR BISCHOFF TEXTIL AG - Unser Fokus sind Auftragsstickereien, technische Textilien und Spezialit\u00e4ten. Wir entwickeln sie auf Kundenwunsch \u2013 mit viel Fingerspitzengef\u00fchl, Flexibilit\u00e4t und dem h\u00f6chsten Anspruch an Qualit\u00e4t. Dabei setzen wir auf \u00fcber 90 Jahre Erfahrung im Stickereibereich und den Produktionsstandort Schweiz.\" \/>\n<meta property=\"og:url\" content=\"https:\/\/www.bischoff-textil.com\/en\/goldener-schemel-2019-for-bischoff-textil-ag\" \/>\n<meta property=\"og:site_name\" content=\"Bischoff Textil AG\" \/>\n<meta property=\"article:published_time\" content=\"2020-01-14T14:00:00+00:00\" \/>\n<meta property=\"article:modified_time\" content=\"2021-09-15T11:00:38+00:00\" \/>\n<meta property=\"og:image\" content=\"https:\/\/www.bischoff-textil.com\/wp-content\/uploads\/2021\/07\/bischoff-textil-goldener-schemel-2019.jpg\" \/>\n\t<meta property=\"og:image:width\" content=\"1180\" \/>\n\t<meta property=\"og:image:height\" content=\"582\" \/>\n\t<meta property=\"og:image:type\" content=\"image\/jpeg\" \/>\n<meta name=\"author\" content=\"nextag\" \/>\n<meta name=\"twitter:card\" content=\"summary_large_image\" \/>\n<meta name=\"twitter:label1\" content=\"Written by\" \/>\n\t<meta name=\"twitter:data1\" content=\"nextag\" \/>\n\t<meta name=\"twitter:label2\" content=\"Est. reading time\" \/>\n\t<meta name=\"twitter:data2\" content=\"4 minutes\" \/>\n<script type=\"application\/ld+json\" class=\"yoast-schema-graph\">{\"@context\":\"https:\\\/\\\/schema.org\",\"@graph\":[{\"@type\":\"Article\",\"@id\":\"https:\\\/\\\/www.bischoff-textil.com\\\/en\\\/goldener-schemel-2019-for-bischoff-textil-ag#article\",\"isPartOf\":{\"@id\":\"https:\\\/\\\/www.bischoff-textil.com\\\/en\\\/goldener-schemel-2019-for-bischoff-textil-ag\"},\"author\":{\"name\":\"nextag\",\"@id\":\"https:\\\/\\\/www.bischoff-textil.com\\\/en#\\\/schema\\\/person\\\/43389bf7b6cdef71a451fbdb0b11780d\"},\"headline\":\"\u201cGOLDENER SCHEMEL 2019\u201d FOR BISCHOFF TEXTIL AG\",\"datePublished\":\"2020-01-14T14:00:00+00:00\",\"dateModified\":\"2021-09-15T11:00:38+00:00\",\"mainEntityOfPage\":{\"@id\":\"https:\\\/\\\/www.bischoff-textil.com\\\/en\\\/goldener-schemel-2019-for-bischoff-textil-ag\"},\"wordCount\":731,\"commentCount\":0,\"image\":{\"@id\":\"https:\\\/\\\/www.bischoff-textil.com\\\/en\\\/goldener-schemel-2019-for-bischoff-textil-ag#primaryimage\"},\"thumbnailUrl\":\"https:\\\/\\\/www.bischoff-textil.com\\\/wp-content\\\/uploads\\\/2021\\\/07\\\/bischoff-textil-goldener-schemel-2019.jpg\",\"inLanguage\":\"en-GB\"},{\"@type\":\"WebPage\",\"@id\":\"https:\\\/\\\/www.bischoff-textil.com\\\/en\\\/goldener-schemel-2019-for-bischoff-textil-ag\",\"url\":\"https:\\\/\\\/www.bischoff-textil.com\\\/en\\\/goldener-schemel-2019-for-bischoff-textil-ag\",\"name\":\"\u201cGOLDENER SCHEMEL 2019\u201d FOR BISCHOFF TEXTIL AG - Bischoff Textil AG\",\"isPartOf\":{\"@id\":\"https:\\\/\\\/www.bischoff-textil.com\\\/en#website\"},\"primaryImageOfPage\":{\"@id\":\"https:\\\/\\\/www.bischoff-textil.com\\\/en\\\/goldener-schemel-2019-for-bischoff-textil-ag#primaryimage\"},\"image\":{\"@id\":\"https:\\\/\\\/www.bischoff-textil.com\\\/en\\\/goldener-schemel-2019-for-bischoff-textil-ag#primaryimage\"},\"thumbnailUrl\":\"https:\\\/\\\/www.bischoff-textil.com\\\/wp-content\\\/uploads\\\/2021\\\/07\\\/bischoff-textil-goldener-schemel-2019.jpg\",\"datePublished\":\"2020-01-14T14:00:00+00:00\",\"dateModified\":\"2021-09-15T11:00:38+00:00\",\"author\":{\"@id\":\"https:\\\/\\\/www.bischoff-textil.com\\\/en#\\\/schema\\\/person\\\/43389bf7b6cdef71a451fbdb0b11780d\"},\"description\":\"\u201cGOLDENER SCHEMEL 2019\u201d FOR BISCHOFF TEXTIL AG - Unser Fokus sind Auftragsstickereien, technische Textilien und Spezialit\u00e4ten. Wir entwickeln sie auf Kundenwunsch \u2013 mit viel Fingerspitzengef\u00fchl, Flexibilit\u00e4t und dem h\u00f6chsten Anspruch an Qualit\u00e4t. Dabei setzen wir auf \u00fcber 90 Jahre Erfahrung im Stickereibereich und den Produktionsstandort Schweiz.\",\"breadcrumb\":{\"@id\":\"https:\\\/\\\/www.bischoff-textil.com\\\/en\\\/goldener-schemel-2019-for-bischoff-textil-ag#breadcrumb\"},\"inLanguage\":\"en-GB\",\"potentialAction\":[{\"@type\":\"ReadAction\",\"target\":[\"https:\\\/\\\/www.bischoff-textil.com\\\/en\\\/goldener-schemel-2019-for-bischoff-textil-ag\"]}]},{\"@type\":\"ImageObject\",\"inLanguage\":\"en-GB\",\"@id\":\"https:\\\/\\\/www.bischoff-textil.com\\\/en\\\/goldener-schemel-2019-for-bischoff-textil-ag#primaryimage\",\"url\":\"https:\\\/\\\/www.bischoff-textil.com\\\/wp-content\\\/uploads\\\/2021\\\/07\\\/bischoff-textil-goldener-schemel-2019.jpg\",\"contentUrl\":\"https:\\\/\\\/www.bischoff-textil.com\\\/wp-content\\\/uploads\\\/2021\\\/07\\\/bischoff-textil-goldener-schemel-2019.jpg\",\"width\":1180,\"height\":582,\"caption\":\"Bischoff Textil AG - Goldener Schemel 2019\"},{\"@type\":\"BreadcrumbList\",\"@id\":\"https:\\\/\\\/www.bischoff-textil.com\\\/en\\\/goldener-schemel-2019-for-bischoff-textil-ag#breadcrumb\",\"itemListElement\":[{\"@type\":\"ListItem\",\"position\":1,\"name\":\"Home\",\"item\":\"https:\\\/\\\/www.bischoff-textil.com\\\/en\"},{\"@type\":\"ListItem\",\"position\":2,\"name\":\"\u201cGOLDENER SCHEMEL 2019\u201d FOR BISCHOFF TEXTIL AG\"}]},{\"@type\":\"WebSite\",\"@id\":\"https:\\\/\\\/www.bischoff-textil.com\\\/en#website\",\"url\":\"https:\\\/\\\/www.bischoff-textil.com\\\/en\",\"name\":\"Bischoff Textil AG\",\"description\":\"\",\"potentialAction\":[{\"@type\":\"SearchAction\",\"target\":{\"@type\":\"EntryPoint\",\"urlTemplate\":\"https:\\\/\\\/www.bischoff-textil.com\\\/en?s={search_term_string}\"},\"query-input\":{\"@type\":\"PropertyValueSpecification\",\"valueRequired\":true,\"valueName\":\"search_term_string\"}}],\"inLanguage\":\"en-GB\"},{\"@type\":\"Person\",\"@id\":\"https:\\\/\\\/www.bischoff-textil.com\\\/en#\\\/schema\\\/person\\\/43389bf7b6cdef71a451fbdb0b11780d\",\"name\":\"nextag\",\"image\":{\"@type\":\"ImageObject\",\"inLanguage\":\"en-GB\",\"@id\":\"https:\\\/\\\/secure.gravatar.com\\\/avatar\\\/d4a9fd36c084aa889640366d4e86b034cb77a8120c9c51143b911a452b4bdf7f?s=96&d=mm&r=g\",\"url\":\"https:\\\/\\\/secure.gravatar.com\\\/avatar\\\/d4a9fd36c084aa889640366d4e86b034cb77a8120c9c51143b911a452b4bdf7f?s=96&d=mm&r=g\",\"contentUrl\":\"https:\\\/\\\/secure.gravatar.com\\\/avatar\\\/d4a9fd36c084aa889640366d4e86b034cb77a8120c9c51143b911a452b4bdf7f?s=96&d=mm&r=g\",\"caption\":\"nextag\"}}]}<\/script>\n<!-- \/ Yoast SEO plugin. -->","yoast_head_json":{"title":"\u201cGOLDENER SCHEMEL 2019\u201d FOR BISCHOFF TEXTIL AG - Bischoff Textil AG","description":"\u201cGOLDENER SCHEMEL 2019\u201d FOR BISCHOFF TEXTIL AG - Unser Fokus sind Auftragsstickereien, technische Textilien und Spezialit\u00e4ten. Wir entwickeln sie auf Kundenwunsch \u2013 mit viel Fingerspitzengef\u00fchl, Flexibilit\u00e4t und dem h\u00f6chsten Anspruch an Qualit\u00e4t. Dabei setzen wir auf \u00fcber 90 Jahre Erfahrung im Stickereibereich und den Produktionsstandort Schweiz.","robots":{"index":"index","follow":"follow","max-snippet":"max-snippet:-1","max-image-preview":"max-image-preview:large","max-video-preview":"max-video-preview:-1"},"canonical":"https:\/\/www.bischoff-textil.com\/en\/goldener-schemel-2019-for-bischoff-textil-ag","og_locale":"en_GB","og_type":"article","og_title":"\u201cGOLDENER SCHEMEL 2019\u201d FOR BISCHOFF TEXTIL AG - Bischoff Textil AG","og_description":"\u201cGOLDENER SCHEMEL 2019\u201d FOR BISCHOFF TEXTIL AG - Unser Fokus sind Auftragsstickereien, technische Textilien und Spezialit\u00e4ten. Wir entwickeln sie auf Kundenwunsch \u2013 mit viel Fingerspitzengef\u00fchl, Flexibilit\u00e4t und dem h\u00f6chsten Anspruch an Qualit\u00e4t. Dabei setzen wir auf \u00fcber 90 Jahre Erfahrung im Stickereibereich und den Produktionsstandort Schweiz.","og_url":"https:\/\/www.bischoff-textil.com\/en\/goldener-schemel-2019-for-bischoff-textil-ag","og_site_name":"Bischoff Textil AG","article_published_time":"2020-01-14T14:00:00+00:00","article_modified_time":"2021-09-15T11:00:38+00:00","og_image":[{"width":1180,"height":582,"url":"https:\/\/www.bischoff-textil.com\/wp-content\/uploads\/2021\/07\/bischoff-textil-goldener-schemel-2019.jpg","type":"image\/jpeg"}],"author":"nextag","twitter_card":"summary_large_image","twitter_misc":{"Written by":"nextag","Est. reading time":"4 minutes"},"schema":{"@context":"https:\/\/schema.org","@graph":[{"@type":"Article","@id":"https:\/\/www.bischoff-textil.com\/en\/goldener-schemel-2019-for-bischoff-textil-ag#article","isPartOf":{"@id":"https:\/\/www.bischoff-textil.com\/en\/goldener-schemel-2019-for-bischoff-textil-ag"},"author":{"name":"nextag","@id":"https:\/\/www.bischoff-textil.com\/en#\/schema\/person\/43389bf7b6cdef71a451fbdb0b11780d"},"headline":"\u201cGOLDENER SCHEMEL 2019\u201d FOR BISCHOFF TEXTIL AG","datePublished":"2020-01-14T14:00:00+00:00","dateModified":"2021-09-15T11:00:38+00:00","mainEntityOfPage":{"@id":"https:\/\/www.bischoff-textil.com\/en\/goldener-schemel-2019-for-bischoff-textil-ag"},"wordCount":731,"commentCount":0,"image":{"@id":"https:\/\/www.bischoff-textil.com\/en\/goldener-schemel-2019-for-bischoff-textil-ag#primaryimage"},"thumbnailUrl":"https:\/\/www.bischoff-textil.com\/wp-content\/uploads\/2021\/07\/bischoff-textil-goldener-schemel-2019.jpg","inLanguage":"en-GB"},{"@type":"WebPage","@id":"https:\/\/www.bischoff-textil.com\/en\/goldener-schemel-2019-for-bischoff-textil-ag","url":"https:\/\/www.bischoff-textil.com\/en\/goldener-schemel-2019-for-bischoff-textil-ag","name":"\u201cGOLDENER SCHEMEL 2019\u201d FOR BISCHOFF TEXTIL AG - Bischoff Textil AG","isPartOf":{"@id":"https:\/\/www.bischoff-textil.com\/en#website"},"primaryImageOfPage":{"@id":"https:\/\/www.bischoff-textil.com\/en\/goldener-schemel-2019-for-bischoff-textil-ag#primaryimage"},"image":{"@id":"https:\/\/www.bischoff-textil.com\/en\/goldener-schemel-2019-for-bischoff-textil-ag#primaryimage"},"thumbnailUrl":"https:\/\/www.bischoff-textil.com\/wp-content\/uploads\/2021\/07\/bischoff-textil-goldener-schemel-2019.jpg","datePublished":"2020-01-14T14:00:00+00:00","dateModified":"2021-09-15T11:00:38+00:00","author":{"@id":"https:\/\/www.bischoff-textil.com\/en#\/schema\/person\/43389bf7b6cdef71a451fbdb0b11780d"},"description":"\u201cGOLDENER SCHEMEL 2019\u201d FOR BISCHOFF TEXTIL AG - Unser Fokus sind Auftragsstickereien, technische Textilien und Spezialit\u00e4ten. Wir entwickeln sie auf Kundenwunsch \u2013 mit viel Fingerspitzengef\u00fchl, Flexibilit\u00e4t und dem h\u00f6chsten Anspruch an Qualit\u00e4t. Dabei setzen wir auf \u00fcber 90 Jahre Erfahrung im Stickereibereich und den Produktionsstandort Schweiz.","breadcrumb":{"@id":"https:\/\/www.bischoff-textil.com\/en\/goldener-schemel-2019-for-bischoff-textil-ag#breadcrumb"},"inLanguage":"en-GB","potentialAction":[{"@type":"ReadAction","target":["https:\/\/www.bischoff-textil.com\/en\/goldener-schemel-2019-for-bischoff-textil-ag"]}]},{"@type":"ImageObject","inLanguage":"en-GB","@id":"https:\/\/www.bischoff-textil.com\/en\/goldener-schemel-2019-for-bischoff-textil-ag#primaryimage","url":"https:\/\/www.bischoff-textil.com\/wp-content\/uploads\/2021\/07\/bischoff-textil-goldener-schemel-2019.jpg","contentUrl":"https:\/\/www.bischoff-textil.com\/wp-content\/uploads\/2021\/07\/bischoff-textil-goldener-schemel-2019.jpg","width":1180,"height":582,"caption":"Bischoff Textil AG - Goldener Schemel 2019"},{"@type":"BreadcrumbList","@id":"https:\/\/www.bischoff-textil.com\/en\/goldener-schemel-2019-for-bischoff-textil-ag#breadcrumb","itemListElement":[{"@type":"ListItem","position":1,"name":"Home","item":"https:\/\/www.bischoff-textil.com\/en"},{"@type":"ListItem","position":2,"name":"\u201cGOLDENER SCHEMEL 2019\u201d FOR BISCHOFF TEXTIL AG"}]},{"@type":"WebSite","@id":"https:\/\/www.bischoff-textil.com\/en#website","url":"https:\/\/www.bischoff-textil.com\/en","name":"Bischoff Textil AG","description":"","potentialAction":[{"@type":"SearchAction","target":{"@type":"EntryPoint","urlTemplate":"https:\/\/www.bischoff-textil.com\/en?s={search_term_string}"},"query-input":{"@type":"PropertyValueSpecification","valueRequired":true,"valueName":"search_term_string"}}],"inLanguage":"en-GB"},{"@type":"Person","@id":"https:\/\/www.bischoff-textil.com\/en#\/schema\/person\/43389bf7b6cdef71a451fbdb0b11780d","name":"nextag","image":{"@type":"ImageObject","inLanguage":"en-GB","@id":"https:\/\/secure.gravatar.com\/avatar\/d4a9fd36c084aa889640366d4e86b034cb77a8120c9c51143b911a452b4bdf7f?s=96&d=mm&r=g","url":"https:\/\/secure.gravatar.com\/avatar\/d4a9fd36c084aa889640366d4e86b034cb77a8120c9c51143b911a452b4bdf7f?s=96&d=mm&r=g","contentUrl":"https:\/\/secure.gravatar.com\/avatar\/d4a9fd36c084aa889640366d4e86b034cb77a8120c9c51143b911a452b4bdf7f?s=96&d=mm&r=g","caption":"nextag"}}]}},"_links":{"self":[{"href":"https:\/\/www.bischoff-textil.com\/en\/wp-json\/wp\/v2\/posts\/931","targetHints":{"allow":["GET"]}}],"collection":[{"href":"https:\/\/www.bischoff-textil.com\/en\/wp-json\/wp\/v2\/posts"}],"about":[{"href":"https:\/\/www.bischoff-textil.com\/en\/wp-json\/wp\/v2\/types\/post"}],"author":[{"embeddable":true,"href":"https:\/\/www.bischoff-textil.com\/en\/wp-json\/wp\/v2\/users\/1"}],"replies":[{"embeddable":true,"href":"https:\/\/www.bischoff-textil.com\/en\/wp-json\/wp\/v2\/comments?post=931"}],"version-history":[{"count":0,"href":"https:\/\/www.bischoff-textil.com\/en\/wp-json\/wp\/v2\/posts\/931\/revisions"}],"wp:featuredmedia":[{"embeddable":true,"href":"https:\/\/www.bischoff-textil.com\/en\/wp-json\/wp\/v2\/media\/716"}],"wp:attachment":[{"href":"https:\/\/www.bischoff-textil.com\/en\/wp-json\/wp\/v2\/media?parent=931"}],"wp:term":[{"taxonomy":"category","embeddable":true,"href":"https:\/\/www.bischoff-textil.com\/en\/wp-json\/wp\/v2\/categories?post=931"},{"taxonomy":"post_tag","embeddable":true,"href":"https:\/\/www.bischoff-textil.com\/en\/wp-json\/wp\/v2\/tags?post=931"}],"curies":[{"name":"wp","href":"https:\/\/api.w.org\/{rel}","templated":true}]}}