{"id":926,"date":"2020-09-20T12:00:00","date_gmt":"2020-09-20T10:00:00","guid":{"rendered":"https:\/\/www.bischoff-textil.com\/fcsg-masken"},"modified":"2021-09-15T12:59:06","modified_gmt":"2021-09-15T10:59:06","slug":"fcsg-mask","status":"publish","type":"post","link":"https:\/\/www.bischoff-textil.com\/en\/fcsg-mask","title":{"rendered":"BISCHOFF AND THE FC ST. GALLEN TEXTILE MASK"},"content":{"rendered":"\n<p>A real St.Gallen embroidery mask for FC St.Gallen 1879 which we were honoured to be chosen to design and produce! A great cooperation project between die Manufaktur GmbH, Bischoff Textil AG and Bethge AG. Learn more about the technology and production of the FC St.Gallen 1879 mask.<\/p>\n\n\n\n<!--more-->\n\n\n\n<figure class=\"wp-block-embed is-type-video is-provider-youtube wp-block-embed-youtube wp-embed-aspect-16-9 wp-has-aspect-ratio\"><div class=\"wp-block-embed__wrapper\">\n<div class=\"embed-responsive embed-responsive-16by9\"><iframe loading=\"lazy\" title=\"Die FC St.Gallen Stoffmaske\" width=\"980\" height=\"551\" src=\"https:\/\/www.youtube-nocookie.com\/embed\/SFuEwIxbBVQ?feature=oembed&#038;rel=0\" frameborder=\"0\" allow=\"accelerometer; autoplay; clipboard-write; encrypted-media; gyroscope; picture-in-picture\" allowfullscreen><\/iframe><\/div>\n<\/div><\/figure>\n","protected":false},"excerpt":{"rendered":"<p>A real St.Gallen embroidery mask for FC St.Gallen 1879 which we were honoured to be chosen to design and produce! A great cooperation project between die Manufaktur GmbH, Bischoff Textil AG and Bethge AG. Learn more about the technology and production of the FC St.Gallen 1879 mask.<\/p>\n","protected":false},"author":1,"featured_media":478,"comment_status":"open","ping_status":"open","sticky":false,"template":"","format":"standard","meta":{"_acf_changed":false,"footnotes":""},"categories":[23],"tags":[],"class_list":["post-926","post","type-post","status-publish","format-standard","has-post-thumbnail","hentry","category-uncategorized"],"acf":[],"yoast_head":"<!-- This site is optimized with the Yoast SEO plugin v27.5 - https:\/\/yoast.com\/product\/yoast-seo-wordpress\/ -->\n<title>BISCHOFF AND THE FC ST. GALLEN TEXTILE MASK - Bischoff Textil AG<\/title>\n<meta name=\"description\" content=\"BISCHOFF AND THE FC ST. GALLEN TEXTILE MASK - Unser Fokus sind Auftragsstickereien, technische Textilien und Spezialit\u00e4ten. Wir entwickeln sie auf Kundenwunsch \u2013 mit viel Fingerspitzengef\u00fchl, Flexibilit\u00e4t und dem h\u00f6chsten Anspruch an Qualit\u00e4t. Dabei setzen wir auf \u00fcber 90 Jahre Erfahrung im Stickereibereich und den Produktionsstandort Schweiz.\" \/>\n<meta name=\"robots\" content=\"index, follow, max-snippet:-1, max-image-preview:large, max-video-preview:-1\" \/>\n<link rel=\"canonical\" href=\"https:\/\/www.bischoff-textil.com\/en\/fcsg-mask\" \/>\n<meta property=\"og:locale\" content=\"en_GB\" \/>\n<meta property=\"og:type\" content=\"article\" \/>\n<meta property=\"og:title\" content=\"BISCHOFF AND THE FC ST. GALLEN TEXTILE MASK - Bischoff Textil AG\" \/>\n<meta property=\"og:description\" content=\"BISCHOFF AND THE FC ST. GALLEN TEXTILE MASK - Unser Fokus sind Auftragsstickereien, technische Textilien und Spezialit\u00e4ten. Wir entwickeln sie auf Kundenwunsch \u2013 mit viel Fingerspitzengef\u00fchl, Flexibilit\u00e4t und dem h\u00f6chsten Anspruch an Qualit\u00e4t. Dabei setzen wir auf \u00fcber 90 Jahre Erfahrung im Stickereibereich und den Produktionsstandort Schweiz.\" \/>\n<meta property=\"og:url\" content=\"https:\/\/www.bischoff-textil.com\/en\/fcsg-mask\" \/>\n<meta property=\"og:site_name\" content=\"Bischoff Textil AG\" \/>\n<meta property=\"article:published_time\" content=\"2020-09-20T10:00:00+00:00\" \/>\n<meta property=\"article:modified_time\" content=\"2021-09-15T10:59:06+00:00\" \/>\n<meta property=\"og:image\" content=\"https:\/\/www.bischoff-textil.com\/wp-content\/uploads\/2020\/09\/bischoff-textil-news-fcsg-00.jpg\" \/>\n\t<meta property=\"og:image:width\" content=\"1180\" \/>\n\t<meta property=\"og:image:height\" content=\"582\" \/>\n\t<meta property=\"og:image:type\" content=\"image\/jpeg\" \/>\n<meta name=\"author\" content=\"nextag\" \/>\n<meta name=\"twitter:card\" content=\"summary_large_image\" \/>\n<meta name=\"twitter:label1\" content=\"Written by\" \/>\n\t<meta name=\"twitter:data1\" content=\"nextag\" \/>\n\t<meta name=\"twitter:label2\" content=\"Est. reading time\" \/>\n\t<meta name=\"twitter:data2\" content=\"1 minute\" \/>\n<script type=\"application\/ld+json\" class=\"yoast-schema-graph\">{\"@context\":\"https:\\\/\\\/schema.org\",\"@graph\":[{\"@type\":\"Article\",\"@id\":\"https:\\\/\\\/www.bischoff-textil.com\\\/en\\\/fcsg-mask#article\",\"isPartOf\":{\"@id\":\"https:\\\/\\\/www.bischoff-textil.com\\\/en\\\/fcsg-mask\"},\"author\":{\"name\":\"nextag\",\"@id\":\"https:\\\/\\\/www.bischoff-textil.com\\\/en#\\\/schema\\\/person\\\/43389bf7b6cdef71a451fbdb0b11780d\"},\"headline\":\"BISCHOFF AND THE FC ST. GALLEN TEXTILE MASK\",\"datePublished\":\"2020-09-20T10:00:00+00:00\",\"dateModified\":\"2021-09-15T10:59:06+00:00\",\"mainEntityOfPage\":{\"@id\":\"https:\\\/\\\/www.bischoff-textil.com\\\/en\\\/fcsg-mask\"},\"wordCount\":63,\"commentCount\":0,\"image\":{\"@id\":\"https:\\\/\\\/www.bischoff-textil.com\\\/en\\\/fcsg-mask#primaryimage\"},\"thumbnailUrl\":\"https:\\\/\\\/www.bischoff-textil.com\\\/wp-content\\\/uploads\\\/2020\\\/09\\\/bischoff-textil-news-fcsg-00.jpg\",\"inLanguage\":\"en-GB\"},{\"@type\":\"WebPage\",\"@id\":\"https:\\\/\\\/www.bischoff-textil.com\\\/en\\\/fcsg-mask\",\"url\":\"https:\\\/\\\/www.bischoff-textil.com\\\/en\\\/fcsg-mask\",\"name\":\"BISCHOFF AND THE FC ST. GALLEN TEXTILE MASK - Bischoff Textil AG\",\"isPartOf\":{\"@id\":\"https:\\\/\\\/www.bischoff-textil.com\\\/en#website\"},\"primaryImageOfPage\":{\"@id\":\"https:\\\/\\\/www.bischoff-textil.com\\\/en\\\/fcsg-mask#primaryimage\"},\"image\":{\"@id\":\"https:\\\/\\\/www.bischoff-textil.com\\\/en\\\/fcsg-mask#primaryimage\"},\"thumbnailUrl\":\"https:\\\/\\\/www.bischoff-textil.com\\\/wp-content\\\/uploads\\\/2020\\\/09\\\/bischoff-textil-news-fcsg-00.jpg\",\"datePublished\":\"2020-09-20T10:00:00+00:00\",\"dateModified\":\"2021-09-15T10:59:06+00:00\",\"author\":{\"@id\":\"https:\\\/\\\/www.bischoff-textil.com\\\/en#\\\/schema\\\/person\\\/43389bf7b6cdef71a451fbdb0b11780d\"},\"description\":\"BISCHOFF AND THE FC ST. GALLEN TEXTILE MASK - Unser Fokus sind Auftragsstickereien, technische Textilien und Spezialit\u00e4ten. Wir entwickeln sie auf Kundenwunsch \u2013 mit viel Fingerspitzengef\u00fchl, Flexibilit\u00e4t und dem h\u00f6chsten Anspruch an Qualit\u00e4t. Dabei setzen wir auf \u00fcber 90 Jahre Erfahrung im Stickereibereich und den Produktionsstandort Schweiz.\",\"breadcrumb\":{\"@id\":\"https:\\\/\\\/www.bischoff-textil.com\\\/en\\\/fcsg-mask#breadcrumb\"},\"inLanguage\":\"en-GB\",\"potentialAction\":[{\"@type\":\"ReadAction\",\"target\":[\"https:\\\/\\\/www.bischoff-textil.com\\\/en\\\/fcsg-mask\"]}]},{\"@type\":\"ImageObject\",\"inLanguage\":\"en-GB\",\"@id\":\"https:\\\/\\\/www.bischoff-textil.com\\\/en\\\/fcsg-mask#primaryimage\",\"url\":\"https:\\\/\\\/www.bischoff-textil.com\\\/wp-content\\\/uploads\\\/2020\\\/09\\\/bischoff-textil-news-fcsg-00.jpg\",\"contentUrl\":\"https:\\\/\\\/www.bischoff-textil.com\\\/wp-content\\\/uploads\\\/2020\\\/09\\\/bischoff-textil-news-fcsg-00.jpg\",\"width\":1180,\"height\":582,\"caption\":\"Bischoff Textil AG - Bischoff und die FC St. Gallen Stoffmaske\"},{\"@type\":\"BreadcrumbList\",\"@id\":\"https:\\\/\\\/www.bischoff-textil.com\\\/en\\\/fcsg-mask#breadcrumb\",\"itemListElement\":[{\"@type\":\"ListItem\",\"position\":1,\"name\":\"Home\",\"item\":\"https:\\\/\\\/www.bischoff-textil.com\\\/en\"},{\"@type\":\"ListItem\",\"position\":2,\"name\":\"BISCHOFF AND THE FC ST. GALLEN TEXTILE MASK\"}]},{\"@type\":\"WebSite\",\"@id\":\"https:\\\/\\\/www.bischoff-textil.com\\\/en#website\",\"url\":\"https:\\\/\\\/www.bischoff-textil.com\\\/en\",\"name\":\"Bischoff Textil AG\",\"description\":\"\",\"potentialAction\":[{\"@type\":\"SearchAction\",\"target\":{\"@type\":\"EntryPoint\",\"urlTemplate\":\"https:\\\/\\\/www.bischoff-textil.com\\\/en?s={search_term_string}\"},\"query-input\":{\"@type\":\"PropertyValueSpecification\",\"valueRequired\":true,\"valueName\":\"search_term_string\"}}],\"inLanguage\":\"en-GB\"},{\"@type\":\"Person\",\"@id\":\"https:\\\/\\\/www.bischoff-textil.com\\\/en#\\\/schema\\\/person\\\/43389bf7b6cdef71a451fbdb0b11780d\",\"name\":\"nextag\",\"image\":{\"@type\":\"ImageObject\",\"inLanguage\":\"en-GB\",\"@id\":\"https:\\\/\\\/secure.gravatar.com\\\/avatar\\\/d4a9fd36c084aa889640366d4e86b034cb77a8120c9c51143b911a452b4bdf7f?s=96&d=mm&r=g\",\"url\":\"https:\\\/\\\/secure.gravatar.com\\\/avatar\\\/d4a9fd36c084aa889640366d4e86b034cb77a8120c9c51143b911a452b4bdf7f?s=96&d=mm&r=g\",\"contentUrl\":\"https:\\\/\\\/secure.gravatar.com\\\/avatar\\\/d4a9fd36c084aa889640366d4e86b034cb77a8120c9c51143b911a452b4bdf7f?s=96&d=mm&r=g\",\"caption\":\"nextag\"}}]}<\/script>\n<!-- \/ Yoast SEO plugin. -->","yoast_head_json":{"title":"BISCHOFF AND THE FC ST. GALLEN TEXTILE MASK - Bischoff Textil AG","description":"BISCHOFF AND THE FC ST. GALLEN TEXTILE MASK - Unser Fokus sind Auftragsstickereien, technische Textilien und Spezialit\u00e4ten. Wir entwickeln sie auf Kundenwunsch \u2013 mit viel Fingerspitzengef\u00fchl, Flexibilit\u00e4t und dem h\u00f6chsten Anspruch an Qualit\u00e4t. Dabei setzen wir auf \u00fcber 90 Jahre Erfahrung im Stickereibereich und den Produktionsstandort Schweiz.","robots":{"index":"index","follow":"follow","max-snippet":"max-snippet:-1","max-image-preview":"max-image-preview:large","max-video-preview":"max-video-preview:-1"},"canonical":"https:\/\/www.bischoff-textil.com\/en\/fcsg-mask","og_locale":"en_GB","og_type":"article","og_title":"BISCHOFF AND THE FC ST. GALLEN TEXTILE MASK - Bischoff Textil AG","og_description":"BISCHOFF AND THE FC ST. GALLEN TEXTILE MASK - Unser Fokus sind Auftragsstickereien, technische Textilien und Spezialit\u00e4ten. Wir entwickeln sie auf Kundenwunsch \u2013 mit viel Fingerspitzengef\u00fchl, Flexibilit\u00e4t und dem h\u00f6chsten Anspruch an Qualit\u00e4t. Dabei setzen wir auf \u00fcber 90 Jahre Erfahrung im Stickereibereich und den Produktionsstandort Schweiz.","og_url":"https:\/\/www.bischoff-textil.com\/en\/fcsg-mask","og_site_name":"Bischoff Textil AG","article_published_time":"2020-09-20T10:00:00+00:00","article_modified_time":"2021-09-15T10:59:06+00:00","og_image":[{"width":1180,"height":582,"url":"https:\/\/www.bischoff-textil.com\/wp-content\/uploads\/2020\/09\/bischoff-textil-news-fcsg-00.jpg","type":"image\/jpeg"}],"author":"nextag","twitter_card":"summary_large_image","twitter_misc":{"Written by":"nextag","Est. reading time":"1 minute"},"schema":{"@context":"https:\/\/schema.org","@graph":[{"@type":"Article","@id":"https:\/\/www.bischoff-textil.com\/en\/fcsg-mask#article","isPartOf":{"@id":"https:\/\/www.bischoff-textil.com\/en\/fcsg-mask"},"author":{"name":"nextag","@id":"https:\/\/www.bischoff-textil.com\/en#\/schema\/person\/43389bf7b6cdef71a451fbdb0b11780d"},"headline":"BISCHOFF AND THE FC ST. GALLEN TEXTILE MASK","datePublished":"2020-09-20T10:00:00+00:00","dateModified":"2021-09-15T10:59:06+00:00","mainEntityOfPage":{"@id":"https:\/\/www.bischoff-textil.com\/en\/fcsg-mask"},"wordCount":63,"commentCount":0,"image":{"@id":"https:\/\/www.bischoff-textil.com\/en\/fcsg-mask#primaryimage"},"thumbnailUrl":"https:\/\/www.bischoff-textil.com\/wp-content\/uploads\/2020\/09\/bischoff-textil-news-fcsg-00.jpg","inLanguage":"en-GB"},{"@type":"WebPage","@id":"https:\/\/www.bischoff-textil.com\/en\/fcsg-mask","url":"https:\/\/www.bischoff-textil.com\/en\/fcsg-mask","name":"BISCHOFF AND THE FC ST. GALLEN TEXTILE MASK - Bischoff Textil AG","isPartOf":{"@id":"https:\/\/www.bischoff-textil.com\/en#website"},"primaryImageOfPage":{"@id":"https:\/\/www.bischoff-textil.com\/en\/fcsg-mask#primaryimage"},"image":{"@id":"https:\/\/www.bischoff-textil.com\/en\/fcsg-mask#primaryimage"},"thumbnailUrl":"https:\/\/www.bischoff-textil.com\/wp-content\/uploads\/2020\/09\/bischoff-textil-news-fcsg-00.jpg","datePublished":"2020-09-20T10:00:00+00:00","dateModified":"2021-09-15T10:59:06+00:00","author":{"@id":"https:\/\/www.bischoff-textil.com\/en#\/schema\/person\/43389bf7b6cdef71a451fbdb0b11780d"},"description":"BISCHOFF AND THE FC ST. GALLEN TEXTILE MASK - Unser Fokus sind Auftragsstickereien, technische Textilien und Spezialit\u00e4ten. Wir entwickeln sie auf Kundenwunsch \u2013 mit viel Fingerspitzengef\u00fchl, Flexibilit\u00e4t und dem h\u00f6chsten Anspruch an Qualit\u00e4t. Dabei setzen wir auf \u00fcber 90 Jahre Erfahrung im Stickereibereich und den Produktionsstandort Schweiz.","breadcrumb":{"@id":"https:\/\/www.bischoff-textil.com\/en\/fcsg-mask#breadcrumb"},"inLanguage":"en-GB","potentialAction":[{"@type":"ReadAction","target":["https:\/\/www.bischoff-textil.com\/en\/fcsg-mask"]}]},{"@type":"ImageObject","inLanguage":"en-GB","@id":"https:\/\/www.bischoff-textil.com\/en\/fcsg-mask#primaryimage","url":"https:\/\/www.bischoff-textil.com\/wp-content\/uploads\/2020\/09\/bischoff-textil-news-fcsg-00.jpg","contentUrl":"https:\/\/www.bischoff-textil.com\/wp-content\/uploads\/2020\/09\/bischoff-textil-news-fcsg-00.jpg","width":1180,"height":582,"caption":"Bischoff Textil AG - Bischoff und die FC St. Gallen Stoffmaske"},{"@type":"BreadcrumbList","@id":"https:\/\/www.bischoff-textil.com\/en\/fcsg-mask#breadcrumb","itemListElement":[{"@type":"ListItem","position":1,"name":"Home","item":"https:\/\/www.bischoff-textil.com\/en"},{"@type":"ListItem","position":2,"name":"BISCHOFF AND THE FC ST. GALLEN TEXTILE MASK"}]},{"@type":"WebSite","@id":"https:\/\/www.bischoff-textil.com\/en#website","url":"https:\/\/www.bischoff-textil.com\/en","name":"Bischoff Textil AG","description":"","potentialAction":[{"@type":"SearchAction","target":{"@type":"EntryPoint","urlTemplate":"https:\/\/www.bischoff-textil.com\/en?s={search_term_string}"},"query-input":{"@type":"PropertyValueSpecification","valueRequired":true,"valueName":"search_term_string"}}],"inLanguage":"en-GB"},{"@type":"Person","@id":"https:\/\/www.bischoff-textil.com\/en#\/schema\/person\/43389bf7b6cdef71a451fbdb0b11780d","name":"nextag","image":{"@type":"ImageObject","inLanguage":"en-GB","@id":"https:\/\/secure.gravatar.com\/avatar\/d4a9fd36c084aa889640366d4e86b034cb77a8120c9c51143b911a452b4bdf7f?s=96&d=mm&r=g","url":"https:\/\/secure.gravatar.com\/avatar\/d4a9fd36c084aa889640366d4e86b034cb77a8120c9c51143b911a452b4bdf7f?s=96&d=mm&r=g","contentUrl":"https:\/\/secure.gravatar.com\/avatar\/d4a9fd36c084aa889640366d4e86b034cb77a8120c9c51143b911a452b4bdf7f?s=96&d=mm&r=g","caption":"nextag"}}]}},"_links":{"self":[{"href":"https:\/\/www.bischoff-textil.com\/en\/wp-json\/wp\/v2\/posts\/926","targetHints":{"allow":["GET"]}}],"collection":[{"href":"https:\/\/www.bischoff-textil.com\/en\/wp-json\/wp\/v2\/posts"}],"about":[{"href":"https:\/\/www.bischoff-textil.com\/en\/wp-json\/wp\/v2\/types\/post"}],"author":[{"embeddable":true,"href":"https:\/\/www.bischoff-textil.com\/en\/wp-json\/wp\/v2\/users\/1"}],"replies":[{"embeddable":true,"href":"https:\/\/www.bischoff-textil.com\/en\/wp-json\/wp\/v2\/comments?post=926"}],"version-history":[{"count":0,"href":"https:\/\/www.bischoff-textil.com\/en\/wp-json\/wp\/v2\/posts\/926\/revisions"}],"wp:featuredmedia":[{"embeddable":true,"href":"https:\/\/www.bischoff-textil.com\/en\/wp-json\/wp\/v2\/media\/478"}],"wp:attachment":[{"href":"https:\/\/www.bischoff-textil.com\/en\/wp-json\/wp\/v2\/media?parent=926"}],"wp:term":[{"taxonomy":"category","embeddable":true,"href":"https:\/\/www.bischoff-textil.com\/en\/wp-json\/wp\/v2\/categories?post=926"},{"taxonomy":"post_tag","embeddable":true,"href":"https:\/\/www.bischoff-textil.com\/en\/wp-json\/wp\/v2\/tags?post=926"}],"curies":[{"name":"wp","href":"https:\/\/api.w.org\/{rel}","templated":true}]}}