{"id":921,"date":"2021-07-16T11:21:58","date_gmt":"2021-07-16T09:21:58","guid":{"rendered":"https:\/\/www.bischoff-textil.com\/liebe-vitamin-2"},"modified":"2021-09-15T12:57:22","modified_gmt":"2021-09-15T10:57:22","slug":"dear-vitamin-2","status":"publish","type":"post","link":"https:\/\/www.bischoff-textil.com\/en\/dear-vitamin-2","title":{"rendered":"DEAR VITAMIN 2"},"content":{"rendered":"\n<p>&#8230;and we thank you for the kind gesture and the long-standing, successful partnership! Bischoff Textil<\/p>\n","protected":false},"excerpt":{"rendered":"<p>&#8230;and we thank you for the kind gesture and the long-standing, successful partnership! Bischoff Textil<\/p>\n","protected":false},"author":1,"featured_media":791,"comment_status":"open","ping_status":"open","sticky":false,"template":"","format":"standard","meta":{"_acf_changed":false,"footnotes":""},"categories":[23],"tags":[],"class_list":["post-921","post","type-post","status-publish","format-standard","has-post-thumbnail","hentry","category-uncategorized"],"acf":[],"yoast_head":"<!-- This site is optimized with the Yoast SEO plugin v27.5 - https:\/\/yoast.com\/product\/yoast-seo-wordpress\/ -->\n<title>DEAR VITAMIN 2 - Bischoff Textil AG<\/title>\n<meta name=\"description\" content=\"DEAR VITAMIN 2 - Unser Fokus sind Auftragsstickereien, technische Textilien und Spezialit\u00e4ten. Wir entwickeln sie auf Kundenwunsch \u2013 mit viel Fingerspitzengef\u00fchl, Flexibilit\u00e4t und dem h\u00f6chsten Anspruch an Qualit\u00e4t. Dabei setzen wir auf \u00fcber 90 Jahre Erfahrung im Stickereibereich und den Produktionsstandort Schweiz.\" \/>\n<meta name=\"robots\" content=\"index, follow, max-snippet:-1, max-image-preview:large, max-video-preview:-1\" \/>\n<link rel=\"canonical\" href=\"https:\/\/www.bischoff-textil.com\/en\/dear-vitamin-2\" \/>\n<meta property=\"og:locale\" content=\"en_GB\" \/>\n<meta property=\"og:type\" content=\"article\" \/>\n<meta property=\"og:title\" content=\"DEAR VITAMIN 2 - Bischoff Textil AG\" \/>\n<meta property=\"og:description\" content=\"DEAR VITAMIN 2 - Unser Fokus sind Auftragsstickereien, technische Textilien und Spezialit\u00e4ten. Wir entwickeln sie auf Kundenwunsch \u2013 mit viel Fingerspitzengef\u00fchl, Flexibilit\u00e4t und dem h\u00f6chsten Anspruch an Qualit\u00e4t. Dabei setzen wir auf \u00fcber 90 Jahre Erfahrung im Stickereibereich und den Produktionsstandort Schweiz.\" \/>\n<meta property=\"og:url\" content=\"https:\/\/www.bischoff-textil.com\/en\/dear-vitamin-2\" \/>\n<meta property=\"og:site_name\" content=\"Bischoff Textil AG\" \/>\n<meta property=\"article:published_time\" content=\"2021-07-16T09:21:58+00:00\" \/>\n<meta property=\"article:modified_time\" content=\"2021-09-15T10:57:22+00:00\" \/>\n<meta property=\"og:image\" content=\"https:\/\/www.bischoff-textil.com\/wp-content\/uploads\/2021\/07\/bischoff-textil-news-vitamin2.jpg\" \/>\n\t<meta property=\"og:image:width\" content=\"1180\" \/>\n\t<meta property=\"og:image:height\" content=\"582\" \/>\n\t<meta property=\"og:image:type\" content=\"image\/jpeg\" \/>\n<meta name=\"author\" content=\"nextag\" \/>\n<meta name=\"twitter:card\" content=\"summary_large_image\" \/>\n<meta name=\"twitter:label1\" content=\"Written by\" \/>\n\t<meta name=\"twitter:data1\" content=\"nextag\" \/>\n\t<meta name=\"twitter:label2\" content=\"Est. reading time\" \/>\n\t<meta name=\"twitter:data2\" content=\"1 minute\" \/>\n<script type=\"application\/ld+json\" class=\"yoast-schema-graph\">{\"@context\":\"https:\\\/\\\/schema.org\",\"@graph\":[{\"@type\":\"Article\",\"@id\":\"https:\\\/\\\/www.bischoff-textil.com\\\/en\\\/dear-vitamin-2#article\",\"isPartOf\":{\"@id\":\"https:\\\/\\\/www.bischoff-textil.com\\\/en\\\/dear-vitamin-2\"},\"author\":{\"name\":\"nextag\",\"@id\":\"https:\\\/\\\/www.bischoff-textil.com\\\/en#\\\/schema\\\/person\\\/43389bf7b6cdef71a451fbdb0b11780d\"},\"headline\":\"DEAR VITAMIN 2\",\"datePublished\":\"2021-07-16T09:21:58+00:00\",\"dateModified\":\"2021-09-15T10:57:22+00:00\",\"mainEntityOfPage\":{\"@id\":\"https:\\\/\\\/www.bischoff-textil.com\\\/en\\\/dear-vitamin-2\"},\"wordCount\":17,\"commentCount\":0,\"image\":{\"@id\":\"https:\\\/\\\/www.bischoff-textil.com\\\/en\\\/dear-vitamin-2#primaryimage\"},\"thumbnailUrl\":\"https:\\\/\\\/www.bischoff-textil.com\\\/wp-content\\\/uploads\\\/2021\\\/07\\\/bischoff-textil-news-vitamin2.jpg\",\"inLanguage\":\"en-GB\"},{\"@type\":\"WebPage\",\"@id\":\"https:\\\/\\\/www.bischoff-textil.com\\\/en\\\/dear-vitamin-2\",\"url\":\"https:\\\/\\\/www.bischoff-textil.com\\\/en\\\/dear-vitamin-2\",\"name\":\"DEAR VITAMIN 2 - Bischoff Textil AG\",\"isPartOf\":{\"@id\":\"https:\\\/\\\/www.bischoff-textil.com\\\/en#website\"},\"primaryImageOfPage\":{\"@id\":\"https:\\\/\\\/www.bischoff-textil.com\\\/en\\\/dear-vitamin-2#primaryimage\"},\"image\":{\"@id\":\"https:\\\/\\\/www.bischoff-textil.com\\\/en\\\/dear-vitamin-2#primaryimage\"},\"thumbnailUrl\":\"https:\\\/\\\/www.bischoff-textil.com\\\/wp-content\\\/uploads\\\/2021\\\/07\\\/bischoff-textil-news-vitamin2.jpg\",\"datePublished\":\"2021-07-16T09:21:58+00:00\",\"dateModified\":\"2021-09-15T10:57:22+00:00\",\"author\":{\"@id\":\"https:\\\/\\\/www.bischoff-textil.com\\\/en#\\\/schema\\\/person\\\/43389bf7b6cdef71a451fbdb0b11780d\"},\"description\":\"DEAR VITAMIN 2 - Unser Fokus sind Auftragsstickereien, technische Textilien und Spezialit\u00e4ten. Wir entwickeln sie auf Kundenwunsch \u2013 mit viel Fingerspitzengef\u00fchl, Flexibilit\u00e4t und dem h\u00f6chsten Anspruch an Qualit\u00e4t. Dabei setzen wir auf \u00fcber 90 Jahre Erfahrung im Stickereibereich und den Produktionsstandort Schweiz.\",\"breadcrumb\":{\"@id\":\"https:\\\/\\\/www.bischoff-textil.com\\\/en\\\/dear-vitamin-2#breadcrumb\"},\"inLanguage\":\"en-GB\",\"potentialAction\":[{\"@type\":\"ReadAction\",\"target\":[\"https:\\\/\\\/www.bischoff-textil.com\\\/en\\\/dear-vitamin-2\"]}]},{\"@type\":\"ImageObject\",\"inLanguage\":\"en-GB\",\"@id\":\"https:\\\/\\\/www.bischoff-textil.com\\\/en\\\/dear-vitamin-2#primaryimage\",\"url\":\"https:\\\/\\\/www.bischoff-textil.com\\\/wp-content\\\/uploads\\\/2021\\\/07\\\/bischoff-textil-news-vitamin2.jpg\",\"contentUrl\":\"https:\\\/\\\/www.bischoff-textil.com\\\/wp-content\\\/uploads\\\/2021\\\/07\\\/bischoff-textil-news-vitamin2.jpg\",\"width\":1180,\"height\":582,\"caption\":\"Bischoff Textil AG - Vitamin 2\"},{\"@type\":\"BreadcrumbList\",\"@id\":\"https:\\\/\\\/www.bischoff-textil.com\\\/en\\\/dear-vitamin-2#breadcrumb\",\"itemListElement\":[{\"@type\":\"ListItem\",\"position\":1,\"name\":\"Home\",\"item\":\"https:\\\/\\\/www.bischoff-textil.com\\\/en\"},{\"@type\":\"ListItem\",\"position\":2,\"name\":\"DEAR VITAMIN 2\"}]},{\"@type\":\"WebSite\",\"@id\":\"https:\\\/\\\/www.bischoff-textil.com\\\/en#website\",\"url\":\"https:\\\/\\\/www.bischoff-textil.com\\\/en\",\"name\":\"Bischoff Textil AG\",\"description\":\"\",\"potentialAction\":[{\"@type\":\"SearchAction\",\"target\":{\"@type\":\"EntryPoint\",\"urlTemplate\":\"https:\\\/\\\/www.bischoff-textil.com\\\/en?s={search_term_string}\"},\"query-input\":{\"@type\":\"PropertyValueSpecification\",\"valueRequired\":true,\"valueName\":\"search_term_string\"}}],\"inLanguage\":\"en-GB\"},{\"@type\":\"Person\",\"@id\":\"https:\\\/\\\/www.bischoff-textil.com\\\/en#\\\/schema\\\/person\\\/43389bf7b6cdef71a451fbdb0b11780d\",\"name\":\"nextag\",\"image\":{\"@type\":\"ImageObject\",\"inLanguage\":\"en-GB\",\"@id\":\"https:\\\/\\\/secure.gravatar.com\\\/avatar\\\/d4a9fd36c084aa889640366d4e86b034cb77a8120c9c51143b911a452b4bdf7f?s=96&d=mm&r=g\",\"url\":\"https:\\\/\\\/secure.gravatar.com\\\/avatar\\\/d4a9fd36c084aa889640366d4e86b034cb77a8120c9c51143b911a452b4bdf7f?s=96&d=mm&r=g\",\"contentUrl\":\"https:\\\/\\\/secure.gravatar.com\\\/avatar\\\/d4a9fd36c084aa889640366d4e86b034cb77a8120c9c51143b911a452b4bdf7f?s=96&d=mm&r=g\",\"caption\":\"nextag\"}}]}<\/script>\n<!-- \/ Yoast SEO plugin. -->","yoast_head_json":{"title":"DEAR VITAMIN 2 - Bischoff Textil AG","description":"DEAR VITAMIN 2 - Unser Fokus sind Auftragsstickereien, technische Textilien und Spezialit\u00e4ten. Wir entwickeln sie auf Kundenwunsch \u2013 mit viel Fingerspitzengef\u00fchl, Flexibilit\u00e4t und dem h\u00f6chsten Anspruch an Qualit\u00e4t. Dabei setzen wir auf \u00fcber 90 Jahre Erfahrung im Stickereibereich und den Produktionsstandort Schweiz.","robots":{"index":"index","follow":"follow","max-snippet":"max-snippet:-1","max-image-preview":"max-image-preview:large","max-video-preview":"max-video-preview:-1"},"canonical":"https:\/\/www.bischoff-textil.com\/en\/dear-vitamin-2","og_locale":"en_GB","og_type":"article","og_title":"DEAR VITAMIN 2 - Bischoff Textil AG","og_description":"DEAR VITAMIN 2 - Unser Fokus sind Auftragsstickereien, technische Textilien und Spezialit\u00e4ten. Wir entwickeln sie auf Kundenwunsch \u2013 mit viel Fingerspitzengef\u00fchl, Flexibilit\u00e4t und dem h\u00f6chsten Anspruch an Qualit\u00e4t. Dabei setzen wir auf \u00fcber 90 Jahre Erfahrung im Stickereibereich und den Produktionsstandort Schweiz.","og_url":"https:\/\/www.bischoff-textil.com\/en\/dear-vitamin-2","og_site_name":"Bischoff Textil AG","article_published_time":"2021-07-16T09:21:58+00:00","article_modified_time":"2021-09-15T10:57:22+00:00","og_image":[{"width":1180,"height":582,"url":"https:\/\/www.bischoff-textil.com\/wp-content\/uploads\/2021\/07\/bischoff-textil-news-vitamin2.jpg","type":"image\/jpeg"}],"author":"nextag","twitter_card":"summary_large_image","twitter_misc":{"Written by":"nextag","Est. reading time":"1 minute"},"schema":{"@context":"https:\/\/schema.org","@graph":[{"@type":"Article","@id":"https:\/\/www.bischoff-textil.com\/en\/dear-vitamin-2#article","isPartOf":{"@id":"https:\/\/www.bischoff-textil.com\/en\/dear-vitamin-2"},"author":{"name":"nextag","@id":"https:\/\/www.bischoff-textil.com\/en#\/schema\/person\/43389bf7b6cdef71a451fbdb0b11780d"},"headline":"DEAR VITAMIN 2","datePublished":"2021-07-16T09:21:58+00:00","dateModified":"2021-09-15T10:57:22+00:00","mainEntityOfPage":{"@id":"https:\/\/www.bischoff-textil.com\/en\/dear-vitamin-2"},"wordCount":17,"commentCount":0,"image":{"@id":"https:\/\/www.bischoff-textil.com\/en\/dear-vitamin-2#primaryimage"},"thumbnailUrl":"https:\/\/www.bischoff-textil.com\/wp-content\/uploads\/2021\/07\/bischoff-textil-news-vitamin2.jpg","inLanguage":"en-GB"},{"@type":"WebPage","@id":"https:\/\/www.bischoff-textil.com\/en\/dear-vitamin-2","url":"https:\/\/www.bischoff-textil.com\/en\/dear-vitamin-2","name":"DEAR VITAMIN 2 - Bischoff Textil AG","isPartOf":{"@id":"https:\/\/www.bischoff-textil.com\/en#website"},"primaryImageOfPage":{"@id":"https:\/\/www.bischoff-textil.com\/en\/dear-vitamin-2#primaryimage"},"image":{"@id":"https:\/\/www.bischoff-textil.com\/en\/dear-vitamin-2#primaryimage"},"thumbnailUrl":"https:\/\/www.bischoff-textil.com\/wp-content\/uploads\/2021\/07\/bischoff-textil-news-vitamin2.jpg","datePublished":"2021-07-16T09:21:58+00:00","dateModified":"2021-09-15T10:57:22+00:00","author":{"@id":"https:\/\/www.bischoff-textil.com\/en#\/schema\/person\/43389bf7b6cdef71a451fbdb0b11780d"},"description":"DEAR VITAMIN 2 - Unser Fokus sind Auftragsstickereien, technische Textilien und Spezialit\u00e4ten. Wir entwickeln sie auf Kundenwunsch \u2013 mit viel Fingerspitzengef\u00fchl, Flexibilit\u00e4t und dem h\u00f6chsten Anspruch an Qualit\u00e4t. Dabei setzen wir auf \u00fcber 90 Jahre Erfahrung im Stickereibereich und den Produktionsstandort Schweiz.","breadcrumb":{"@id":"https:\/\/www.bischoff-textil.com\/en\/dear-vitamin-2#breadcrumb"},"inLanguage":"en-GB","potentialAction":[{"@type":"ReadAction","target":["https:\/\/www.bischoff-textil.com\/en\/dear-vitamin-2"]}]},{"@type":"ImageObject","inLanguage":"en-GB","@id":"https:\/\/www.bischoff-textil.com\/en\/dear-vitamin-2#primaryimage","url":"https:\/\/www.bischoff-textil.com\/wp-content\/uploads\/2021\/07\/bischoff-textil-news-vitamin2.jpg","contentUrl":"https:\/\/www.bischoff-textil.com\/wp-content\/uploads\/2021\/07\/bischoff-textil-news-vitamin2.jpg","width":1180,"height":582,"caption":"Bischoff Textil AG - Vitamin 2"},{"@type":"BreadcrumbList","@id":"https:\/\/www.bischoff-textil.com\/en\/dear-vitamin-2#breadcrumb","itemListElement":[{"@type":"ListItem","position":1,"name":"Home","item":"https:\/\/www.bischoff-textil.com\/en"},{"@type":"ListItem","position":2,"name":"DEAR VITAMIN 2"}]},{"@type":"WebSite","@id":"https:\/\/www.bischoff-textil.com\/en#website","url":"https:\/\/www.bischoff-textil.com\/en","name":"Bischoff Textil AG","description":"","potentialAction":[{"@type":"SearchAction","target":{"@type":"EntryPoint","urlTemplate":"https:\/\/www.bischoff-textil.com\/en?s={search_term_string}"},"query-input":{"@type":"PropertyValueSpecification","valueRequired":true,"valueName":"search_term_string"}}],"inLanguage":"en-GB"},{"@type":"Person","@id":"https:\/\/www.bischoff-textil.com\/en#\/schema\/person\/43389bf7b6cdef71a451fbdb0b11780d","name":"nextag","image":{"@type":"ImageObject","inLanguage":"en-GB","@id":"https:\/\/secure.gravatar.com\/avatar\/d4a9fd36c084aa889640366d4e86b034cb77a8120c9c51143b911a452b4bdf7f?s=96&d=mm&r=g","url":"https:\/\/secure.gravatar.com\/avatar\/d4a9fd36c084aa889640366d4e86b034cb77a8120c9c51143b911a452b4bdf7f?s=96&d=mm&r=g","contentUrl":"https:\/\/secure.gravatar.com\/avatar\/d4a9fd36c084aa889640366d4e86b034cb77a8120c9c51143b911a452b4bdf7f?s=96&d=mm&r=g","caption":"nextag"}}]}},"_links":{"self":[{"href":"https:\/\/www.bischoff-textil.com\/en\/wp-json\/wp\/v2\/posts\/921","targetHints":{"allow":["GET"]}}],"collection":[{"href":"https:\/\/www.bischoff-textil.com\/en\/wp-json\/wp\/v2\/posts"}],"about":[{"href":"https:\/\/www.bischoff-textil.com\/en\/wp-json\/wp\/v2\/types\/post"}],"author":[{"embeddable":true,"href":"https:\/\/www.bischoff-textil.com\/en\/wp-json\/wp\/v2\/users\/1"}],"replies":[{"embeddable":true,"href":"https:\/\/www.bischoff-textil.com\/en\/wp-json\/wp\/v2\/comments?post=921"}],"version-history":[{"count":0,"href":"https:\/\/www.bischoff-textil.com\/en\/wp-json\/wp\/v2\/posts\/921\/revisions"}],"wp:featuredmedia":[{"embeddable":true,"href":"https:\/\/www.bischoff-textil.com\/en\/wp-json\/wp\/v2\/media\/791"}],"wp:attachment":[{"href":"https:\/\/www.bischoff-textil.com\/en\/wp-json\/wp\/v2\/media?parent=921"}],"wp:term":[{"taxonomy":"category","embeddable":true,"href":"https:\/\/www.bischoff-textil.com\/en\/wp-json\/wp\/v2\/categories?post=921"},{"taxonomy":"post_tag","embeddable":true,"href":"https:\/\/www.bischoff-textil.com\/en\/wp-json\/wp\/v2\/tags?post=921"}],"curies":[{"name":"wp","href":"https:\/\/api.w.org\/{rel}","templated":true}]}}